{"id":526,"date":"2024-11-19T15:00:51","date_gmt":"2024-11-19T14:00:51","guid":{"rendered":"https:\/\/provenanceresearchfund.org\/?p=526"},"modified":"2025-10-15T17:55:28","modified_gmt":"2025-10-15T15:55:28","slug":"trois-premiers-projets-selectionnes-deux-nouveaux-appels-a-projets-ouverts","status":"publish","type":"post","link":"https:\/\/provenanceresearchfund.org\/fr\/trois-premiers-projets-selectionnes-deux-nouveaux-appels-a-projets-ouverts\/","title":{"rendered":"Trois premiers projets s\u00e9lectionn\u00e9s \/ Deux nouveaux appels \u00e0 projets ouverts"},"content":{"rendered":"\n<p><\/p>\n\n\n\n<p><strong>Trois premiers projets s\u00e9lectionn\u00e9s dans le cadre du Fonds franco-allemand \/ Deux nouveaux appels \u00e0 projets ouverts pour 2025 dont un financement d\u00e9di\u00e9 \u00e0 la mise en r\u00e9seau et aux partenariats<\/strong><\/p>\n\n\n\n<p>Le 19 janvier 2024, le Fonds de recherche franco-allemand sur la provenance des biens culturels<br>d&rsquo;Afrique sub-saharienne a \u00e9t\u00e9 officiellement lanc\u00e9 au Centre Marc Bloch. En Allemagne comme en<br>France, les mus\u00e9es et les institutions culturelles, scientifiques et universitaires renferment de<br>nombreuses collections de biens culturels rev\u00eatant une importance symbolique, artistique, historique<br>ou soci\u00e9tale consid\u00e9rable pour les pays et les soci\u00e9t\u00e9s dont ils sont issus. L&rsquo;initiative conjointe des<br>gouvernements fran\u00e7ais et allemand vise \u00e0 soutenir la recherche sur la provenance de ces biens<br>culturels. Celle-ci s\u2019inscrit dans des objectifs plus larges de l\u2019Allemagne et de la France, qui souhaitent<br>rendre ce patrimoine culturel davantage accessible aux soci\u00e9t\u00e9s d\u2019origine et qui coop\u00e8rent pour<br>renforcer et renouveler les partenariats avec l&rsquo;Afrique subsaharienne<\/p>\n\n\n\n<p><strong>Premiers projets s\u00e9lectionn\u00e9s et ouverture du deuxi\u00e8me appel \u00e0 projets<\/strong><\/p>\n\n\n\n<p>Moins d&rsquo;un an apr\u00e8s la cr\u00e9ation du Fonds de provenance, le Centre Marc Bloch annonce la s\u00e9lection<br>de trois projets de recherche dans le cadre de son premier appel (\u00e9dition 2024). Lors de la r\u00e9union<br>du Conseil scientifique, son pr\u00e9sident Souleymane Bachir Diagne a soulign\u00e9 \u00ab l\u2019alignement \u00e9troit avec<br>les principes de la recherche sur la provenance et l&rsquo;importance de partenariats trilat\u00e9raux \u00e9quilibr\u00e9s<br>entre des universit\u00e9s et des mus\u00e9es allemands et fran\u00e7ais ainsi que des partenaires d&rsquo;Afrique<br>subsaharienne \u00bb comme des crit\u00e8res d\u00e9cisifs. Conform\u00e9ment \u00e0 la vocation interdisciplinaire du Fonds,<br>les trois projets couvriront un large \u00e9ventail de sujets de recherche : les pratiques d&rsquo;acquisition<br>allemandes et fran\u00e7aises lors d\u2019exp\u00e9ditions coloniales au Soudan fran\u00e7ais (actuel Mali) entre 1880 et<br>1914 ; les questions de restitution et de reconnexion symbolique des objets \u00e0 un large public ainsi que<br>le r\u00f4le sp\u00e9cifique des femmes dans la production et l&rsquo;utilisation de ces objets culturels (ReMatriation) ;<br>l&rsquo;histoire des collections mus\u00e9ales coloniales dans les r\u00e9gions frontali\u00e8res franco-allemandes et<br>l&rsquo;origine des collections de restes humains (ProHumStra). Pour plus d&rsquo;informations, veuillez consulter<br>la liste officielle des projets s\u00e9lectionn\u00e9s et les r\u00e9sum\u00e9s sur notre site web.<\/p>\n\n\n\n<p>Le deuxi\u00e8me appel \u00e0 projets annuel (\u00e9dition 2025) ouvrira le 19 novembre 2025. Les candidatures<br>peuvent \u00eatre soumises jusqu&rsquo;au mardi 15 avril 2025 \u00e0 23h59. Pour plus d&rsquo;informations sur les<br>crit\u00e8res d&rsquo;\u00e9ligibilit\u00e9 et les modalit\u00e9s de candidature, veuillez consulter l&rsquo;appel \u00e0 projets et le formulaire<br>de candidature en ligne.<\/p>\n\n\n\n<p><strong>Nouvelle possibilit\u00e9 de financement pour renforcer la mise en r\u00e9seau de recherche de provenance<\/strong><\/p>\n\n\n\n<p>Le Fonds franco-allemand annonce \u00e9galement la cr\u00e9ation d\u2019un nouvel appel \u00e0 projets de mise en<br>r\u00e9seau et de partenariats. Cet appel est sp\u00e9cifiquement con\u00e7u pour favoriser l&rsquo;\u00e9mergence d&rsquo;\u00e9quipes<br>de recherche internationales et pour renforcer les collaborations d\u00e9j\u00e0 existantes sur la recherche de<br>provenance entre la France, l&rsquo;Allemagne et l&rsquo;Afrique subsaharienne. Il vise \u00e0 encourager les initiatives<br>de chercheurs en d\u00e9but de carri\u00e8re, de professionnels de mus\u00e9es et de la soci\u00e9t\u00e9 civile et leur<br>implication dans des r\u00e9seaux de recherche de provenance. Les projets financ\u00e9s peuvent servir de<br>tremplin pour des projets-suite dans le cadre de l&rsquo;appel \u00e0 projets annuel du Fonds franco-allemand. \u00c0<br>cette fin, l&rsquo;appel offre un financement flexible pour soutenir les activit\u00e9s de mise en r\u00e9seau et de<br>partenariats d&rsquo;une dur\u00e9e maximale de 12 mois. Toutes les informations compl\u00e9mentaires sont<br>disponibles sur le site web du Fonds. Les candidatures peuvent \u00eatre soumises jusqu&rsquo;au vendredi 28<br>f\u00e9vrier 2025 \u00e0 23h59.<\/p>\n\n\n\n<p>Pour plus d&rsquo;informations sur le Fonds de recherche franco-allemand sur la provenance des objets<br>culturels d&rsquo;Afrique subsaharienne, veuillez contacter Julie Sissia, cheffe de projet scientifique du<br>Fonds &#8211; julie.sissia (at) cmb.hu-berlin.de.<br>Pour toute question de presse, veuillez contacter Philon Griesel &#8211; philon.griesel (at) cmb.hu-berlin.de.<\/p>\n","protected":false},"excerpt":{"rendered":"<p>Trois premiers projets s\u00e9lectionn\u00e9s dans le cadre du Fonds franco-allemand \/ Deux nouveaux appels \u00e0 projets ouverts pour 2025 dont un financement d\u00e9di\u00e9 \u00e0 la mise en r\u00e9seau et aux partenariats Le 19 janvier 2024, le Fonds de recherche franco-allemand sur la provenance des biens culturelsd&rsquo;Afrique sub-saharienne a \u00e9t\u00e9 officiellement lanc\u00e9 au Centre Marc Bloch. [&hellip;]<\/p>\n","protected":false},"author":2,"featured_media":0,"comment_status":"open","ping_status":"open","sticky":false,"template":"","format":"standard","meta":{"_acf_changed":false,"footnotes":""},"categories":[28],"tags":[],"class_list":["post-526","post","type-post","status-publish","format-standard","hentry","category-communique-de-presse"],"acf":[],"_links":{"self":[{"href":"https:\/\/provenanceresearchfund.org\/fr\/wp-json\/wp\/v2\/posts\/526","targetHints":{"allow":["GET"]}}],"collection":[{"href":"https:\/\/provenanceresearchfund.org\/fr\/wp-json\/wp\/v2\/posts"}],"about":[{"href":"https:\/\/provenanceresearchfund.org\/fr\/wp-json\/wp\/v2\/types\/post"}],"author":[{"embeddable":true,"href":"https:\/\/provenanceresearchfund.org\/fr\/wp-json\/wp\/v2\/users\/2"}],"replies":[{"embeddable":true,"href":"https:\/\/provenanceresearchfund.org\/fr\/wp-json\/wp\/v2\/comments?post=526"}],"version-history":[{"count":1,"href":"https:\/\/provenanceresearchfund.org\/fr\/wp-json\/wp\/v2\/posts\/526\/revisions"}],"predecessor-version":[{"id":527,"href":"https:\/\/provenanceresearchfund.org\/fr\/wp-json\/wp\/v2\/posts\/526\/revisions\/527"}],"wp:attachment":[{"href":"https:\/\/provenanceresearchfund.org\/fr\/wp-json\/wp\/v2\/media?parent=526"}],"wp:term":[{"taxonomy":"category","embeddable":true,"href":"https:\/\/provenanceresearchfund.org\/fr\/wp-json\/wp\/v2\/categories?post=526"},{"taxonomy":"post_tag","embeddable":true,"href":"https:\/\/provenanceresearchfund.org\/fr\/wp-json\/wp\/v2\/tags?post=526"}],"curies":[{"name":"wp","href":"https:\/\/api.w.org\/{rel}","templated":true}]}}