{"id":2694,"date":"2026-09-04T11:24:58","date_gmt":"2026-09-04T09:24:58","guid":{"rendered":"https:\/\/provenanceresearchfund.org\/entre-traces-et-transmissions\/"},"modified":"2026-09-04T11:58:29","modified_gmt":"2026-09-04T09:58:29","slug":"entre-traces-et-transmissions","status":"publish","type":"post","link":"https:\/\/provenanceresearchfund.org\/fr\/entre-traces-et-transmissions\/","title":{"rendered":"Entre Traces et Transmissions"},"content":{"rendered":"\n<p class=\"wp-block-paragraph\"><strong>Table ronde<\/strong><br>Jeudi, 24 septembre 2026<br>19:30 &#8211; 21:00<br>Maison Heinrich Heine &#8211; Fondation de l&rsquo;Allemagne<br>Cit\u00e9 internationale universitaire de Paris <br>27 C, boulevard Jourdan, 75014 Paris<\/p>\n\n\n\n<p class=\"wp-block-paragraph\">Depuis une dizaine d\u2019ann\u00e9es, la recherche de provenance conna\u00eet en Europe un profond renouvellement, particuli\u00e8rement sensible dans le domaine des collections constitu\u00e9es en contexte colonial. Elle ne se limite plus \u00e0 reconstituer des cha\u00eenes de propri\u00e9t\u00e9, mais s\u2019attache \u00e0 retracer l\u2019histoire sociale, mat\u00e9rielle et politique des objets : leurs d\u00e9placements, leurs changements de statut, les relations humaines dans lesquelles ils se sont inscrits, ainsi que les circonstances de leur entr\u00e9e dans les collections.<\/p>\n\n\n\n<p class=\"wp-block-paragraph\">Le lancement, en 2024, du Fonds franco-allemand de recherche sur la provenance des biens culturels d\u2019Afrique subsaharienne, initiative bilat\u00e9rale sans \u00e9quivalent en Europe, t\u00e9moigne de cette nouvelle dynamique scientifique et institutionnelle. La recherche de provenance transforme aujourd\u2019hui les formes m\u00eames de l\u2019enqu\u00eate. Il ne s\u2019agit plus seulement de documenter la trajectoire des objets, mais de confronter les archives \u00e0 d\u2019autres formes de savoir, de restituer des voix longtemps effac\u00e9es et de faire appara\u00eetre les acteurs, les gestes, les m\u00e9moires et les contextes demeur\u00e9s en marge du r\u00e9cit mus\u00e9al. Cette d\u00e9marche appelle des recherches men\u00e9es en consortium, associant mus\u00e9es, universit\u00e9s, archives, monde associatif et partenaires des soci\u00e9t\u00e9s concern\u00e9es. Elle conduit \u00e9galement \u00e0 articuler l\u2019\u00e9tude mat\u00e9rielle des objets avec les m\u00e9moires vivantes, les pratiques immat\u00e9rielles et les r\u00e9seaux dans lesquels ces objets ont circul\u00e9.<\/p>\n\n\n\n<p class=\"wp-block-paragraph\">Les intervenantes et intervenants pr\u00e9senteront les projets interdisciplinaires qu\u2019elles et ils conduisent dans ce cadre, en coop\u00e9ration avec des mus\u00e9es, des universit\u00e9s, des archives, des acteurs du monde associatif et des partenaires issus des soci\u00e9t\u00e9s concern\u00e9es. La table ronde proposera ainsi un d\u00e9placement du regard : des objets vers les acteurs, des collections vers leurs contextes, des archives vers des formes de connaissance \u00e9labor\u00e9es et partag\u00e9es \u00e0 plusieurs voix.<\/p>\n\n\n\n<h3 class=\"wp-block-heading\">Avec la participation de<\/h3>\n\n\n\n<div class=\"wp-block-columns is-layout-flex wp-container-core-columns-is-layout-8f761849 wp-block-columns-is-layout-flex\">\n<div class=\"wp-block-column is-layout-flow wp-block-column-is-layout-flow\">\n<p class=\"wp-block-paragraph\"><strong>Ga\u00eblle Beaujean<\/strong><br>Responsable de l\u2019unit\u00e9 patrimoniale<br>Afrique, mus\u00e9e du quai Branly \u2013Jacques Chirac<\/p>\n\n\n\n<p class=\"wp-block-paragraph\"><strong>Ch\u00e9hibou Coulibaly<\/strong><br>Enseignant-chercheur, universit\u00e9 des Sciences sociales et de Gestion de Bamako, Mali&nbsp;(en ligne)<\/p>\n<\/div>\n\n\n\n<div class=\"wp-block-column is-layout-flow wp-block-column-is-layout-flow\">\n<p class=\"wp-block-paragraph\"><strong>H\u00e9l\u00e8ne Ivanoff<\/strong><br>Chercheuse associ\u00e9e au programme PROBAMA, mus\u00e9e du quai Branly &#8211; Jacques Chirac<\/p>\n\n\n\n<p class=\"wp-block-paragraph\"><strong>Carine Peltier-Caroff<\/strong><br>Responsable de l\u2019iconoth\u00e8que du d\u00e9partement du Patrimoine et des Collections, mus\u00e9e du quai Branly \u2013Jacques Chirac<\/p>\n<\/div>\n\n\n\n<div class=\"wp-block-column is-layout-flow wp-block-column-is-layout-flow\">\n<p class=\"wp-block-paragraph\"><strong>Emmanuelle Cadet<\/strong><br>Pr\u00e9sidente de l\u2019association Alter Natives<\/p>\n\n\n\n<p class=\"wp-block-paragraph\"><strong><br>Ohiniko Mawuss\u00e9 Toffa<\/strong><br>Chercheur en provenance, Mus\u00e9e ethnologique de Berlin<\/p>\n<\/div>\n<\/div>\n\n\n\n<p class=\"wp-block-paragraph\">Mod\u00e9ration par <strong>Julie Sissia<\/strong><br>Cheffe de projet scientifique du Fonds franco-allemand de recherche sur la provenance, Centre Marc Bloch, Berlin<\/p>\n\n\n\n<h3 class=\"wp-block-heading\">Organisation et contact<\/h3>\n\n\n\n<p class=\"wp-block-paragraph\"><em>Dans le cadre du colloque international \u00e0 dimension performative <strong>Oratures\/Cr\u00e9atures. Fictions animales et performances d\u00e9coloniales.<\/strong> 24 et 25 septembre 2026<\/em><\/p>\n\n\n\n<p class=\"wp-block-paragraph\"><strong>Christine Roger<\/strong>,\u00a0universit\u00e9 de Picardie <br><strong>Ilhem Belarbi<\/strong>,\u00a0universit\u00e9 Paris 8 \/ PH Karlsruhe <br><strong>Anne F. Delouis<\/strong>,\u00a0universit\u00e9 d\u2019Orl\u00e9ans\u00b7\u00a0<br><strong>Andr\u00e9 Oke Loko<\/strong>,\u00a0LMU M\u00fcnchen<br><strong>Michael Penzold<\/strong>,\u00a0LMU M\u00fcnchen<br><br>Messagerie commune : oratur-kreatur@proton.me<\/p>\n\n\n\n<p class=\"wp-block-paragraph\"><\/p>\n","protected":false},"excerpt":{"rendered":"<p>Table rondeJeudi, 24 septembre 202619:30 &#8211; 21:00Maison Heinrich Heine &#8211; Fondation de l&rsquo;AllemagneCit\u00e9 internationale universitaire de Paris 27 C, boulevard Jourdan, 75014 Paris Depuis une dizaine d\u2019ann\u00e9es, la recherche de provenance conna\u00eet en Europe un profond renouvellement, particuli\u00e8rement sensible dans le domaine des collections constitu\u00e9es en contexte colonial. Elle ne se limite plus \u00e0 reconstituer [&hellip;]<\/p>\n","protected":false},"author":2,"featured_media":2695,"comment_status":"closed","ping_status":"open","sticky":false,"template":"","format":"standard","meta":{"_acf_changed":false,"footnotes":""},"categories":[34,33],"tags":[],"class_list":["post-2694","post","type-post","status-publish","format-standard","has-post-thumbnail","hentry","category-evenement","category-nouvelles-des-projets"],"acf":[],"_links":{"self":[{"href":"https:\/\/provenanceresearchfund.org\/fr\/wp-json\/wp\/v2\/posts\/2694","targetHints":{"allow":["GET"]}}],"collection":[{"href":"https:\/\/provenanceresearchfund.org\/fr\/wp-json\/wp\/v2\/posts"}],"about":[{"href":"https:\/\/provenanceresearchfund.org\/fr\/wp-json\/wp\/v2\/types\/post"}],"author":[{"embeddable":true,"href":"https:\/\/provenanceresearchfund.org\/fr\/wp-json\/wp\/v2\/users\/2"}],"replies":[{"embeddable":true,"href":"https:\/\/provenanceresearchfund.org\/fr\/wp-json\/wp\/v2\/comments?post=2694"}],"version-history":[{"count":1,"href":"https:\/\/provenanceresearchfund.org\/fr\/wp-json\/wp\/v2\/posts\/2694\/revisions"}],"predecessor-version":[{"id":2709,"href":"https:\/\/provenanceresearchfund.org\/fr\/wp-json\/wp\/v2\/posts\/2694\/revisions\/2709"}],"wp:featuredmedia":[{"embeddable":true,"href":"https:\/\/provenanceresearchfund.org\/fr\/wp-json\/wp\/v2\/media\/2695"}],"wp:attachment":[{"href":"https:\/\/provenanceresearchfund.org\/fr\/wp-json\/wp\/v2\/media?parent=2694"}],"wp:term":[{"taxonomy":"category","embeddable":true,"href":"https:\/\/provenanceresearchfund.org\/fr\/wp-json\/wp\/v2\/categories?post=2694"},{"taxonomy":"post_tag","embeddable":true,"href":"https:\/\/provenanceresearchfund.org\/fr\/wp-json\/wp\/v2\/tags?post=2694"}],"curies":[{"name":"wp","href":"https:\/\/api.w.org\/{rel}","templated":true}]}}