{"id":2702,"date":"2026-09-04T11:45:58","date_gmt":"2026-09-04T09:45:58","guid":{"rendered":"https:\/\/provenanceresearchfund.org\/lhistoire-cherche-son-lieu-2\/"},"modified":"2026-09-04T11:56:49","modified_gmt":"2026-09-04T09:56:49","slug":"lhistoire-cherche-son-lieu-2","status":"publish","type":"post","link":"https:\/\/provenanceresearchfund.org\/en\/lhistoire-cherche-son-lieu-2\/","title":{"rendered":"L&#8217;histoire cherche son lieu"},"content":{"rendered":"\n<p class=\"wp-block-paragraph\"><strong>Vernissage et table ronde<\/strong><br>1er octobre 2026 <br>18:00 &#8211; 20:00<br><a href=\"https:\/\/www.labiennaledelyon.com\/fr\/lieux\/bibliotheque-diderot-de-lyon-la-parenthese\">Biblioth\u00e8que Diderot de Lyon, La Parenth\u00e8se<\/a><br>Entr\u00e9e libre et gratuite<\/p>\n\n\n\n<p class=\"wp-block-paragraph\">Table ronde consacr\u00e9e au travail photographique d\u2019Ana\u00eblle Vanel \u00e0 l\u2019occasion de l\u2019exposition \u00ab l\u2019histoire cherche son lieu \u00bb avec Julie Sissia, historienne de l&#8217;art et initiatrice du projet au Centre Marc Bloch (Berlin) soutenu par le Fonds de provenance et Annette Becker, historienne, qui travaille actuellement sur les images, les traces de la panth\u00e9onisation de Marc Bloch, anim\u00e9e par David Gauthier, Responsable de la Recherche-cr\u00e9ation et charg\u00e9 de la Mission Images \u00e0 l\u2019ENS de Lyon.<br><a href=\"https:\/\/www.labiennaledelyon.com\/fr\/biennale\/18e-biennale-dart-contemporain-2026\/resonance\/table-ronde-avec-anaelle-vanel-et-les-intervenants-julie-sissia-et-annette-becker-animee-par-david-gauthier\">Toutes les informations<\/a> <\/p>\n\n\n\n<p class=\"wp-block-paragraph\"><\/p>\n\n\n\n<p class=\"wp-block-paragraph\"><a href=\"https:\/\/www.labiennaledelyon.com\/fr\/biennale\/18e-biennale-dart-contemporain-2026\/resonance\/lhistoire-cherche-son-lieu\">L&#8217;exposition \u00ab L\u2019histoire cherche son lieu \u00bb du 1er octobre 2026 au 12 mars 2027 dans le cadre de la 18e Biennale de Lyon. <\/a><br>A d\u00e9couvrir dans la salle de lecture Histoire, \u00ab L\u2019histoire cherche son lieu \u00bb, acquisition de l\u2019ENS de Lyon pour c\u00e9l\u00e9brer la panth\u00e9onisation de Marc Bloch.<br><br><br><\/p>\n","protected":false},"excerpt":{"rendered":"<p>Vernissage et table ronde1er octobre 2026 18:00 &#8211; 20:00Biblioth\u00e8que Diderot de Lyon, La Parenth\u00e8seEntr\u00e9e libre et gratuite Table ronde consacr\u00e9e au travail photographique d\u2019Ana\u00eblle Vanel \u00e0 l\u2019occasion de l\u2019exposition \u00ab l\u2019histoire cherche son lieu \u00bb avec Julie Sissia, historienne de l&#8217;art et initiatrice du projet au Centre Marc Bloch (Berlin) soutenu par le Fonds de [&hellip;]<\/p>\n","protected":false},"author":2,"featured_media":2703,"comment_status":"closed","ping_status":"open","sticky":false,"template":"","format":"standard","meta":{"_acf_changed":false,"footnotes":""},"categories":[41,1],"tags":[],"class_list":["post-2702","post","type-post","status-publish","format-standard","has-post-thumbnail","hentry","category-event","category-nicht-kategorisiert"],"acf":[],"_links":{"self":[{"href":"https:\/\/provenanceresearchfund.org\/en\/wp-json\/wp\/v2\/posts\/2702","targetHints":{"allow":["GET"]}}],"collection":[{"href":"https:\/\/provenanceresearchfund.org\/en\/wp-json\/wp\/v2\/posts"}],"about":[{"href":"https:\/\/provenanceresearchfund.org\/en\/wp-json\/wp\/v2\/types\/post"}],"author":[{"embeddable":true,"href":"https:\/\/provenanceresearchfund.org\/en\/wp-json\/wp\/v2\/users\/2"}],"replies":[{"embeddable":true,"href":"https:\/\/provenanceresearchfund.org\/en\/wp-json\/wp\/v2\/comments?post=2702"}],"version-history":[{"count":1,"href":"https:\/\/provenanceresearchfund.org\/en\/wp-json\/wp\/v2\/posts\/2702\/revisions"}],"predecessor-version":[{"id":2706,"href":"https:\/\/provenanceresearchfund.org\/en\/wp-json\/wp\/v2\/posts\/2702\/revisions\/2706"}],"wp:featuredmedia":[{"embeddable":true,"href":"https:\/\/provenanceresearchfund.org\/en\/wp-json\/wp\/v2\/media\/2703"}],"wp:attachment":[{"href":"https:\/\/provenanceresearchfund.org\/en\/wp-json\/wp\/v2\/media?parent=2702"}],"wp:term":[{"taxonomy":"category","embeddable":true,"href":"https:\/\/provenanceresearchfund.org\/en\/wp-json\/wp\/v2\/categories?post=2702"},{"taxonomy":"post_tag","embeddable":true,"href":"https:\/\/provenanceresearchfund.org\/en\/wp-json\/wp\/v2\/tags?post=2702"}],"curies":[{"name":"wp","href":"https:\/\/api.w.org\/{rel}","templated":true}]}}